{"@context":"https:\/\/schema.org\/","@type":"CollectionPage","@id":"https:\/\/www.kanonak.cz\/deti\/#CollectionPage","headline":"D\u011bti Category","description":"","url":"https:\/\/www.kanonak.cz\/deti\/","hasPart":[{"@type":"Article","@id":"https:\/\/www.kanonak.cz\/proc-sledovat-televizi-se-svymi-detmi\/","headline":"Pro\u010d sledovat televizi se sv\u00fdmi d\u011btmi?","url":"https:\/\/www.kanonak.cz\/proc-sledovat-televizi-se-svymi-detmi\/","datePublished":"2022-05-23","dateModified":"2023-05-31","mainEntityOfPage":"https:\/\/www.kanonak.cz\/proc-sledovat-televizi-se-svymi-detmi\/","author":{"@type":"Person","@id":"https:\/\/www.kanonak.cz\/author\/#Person","name":"","url":"https:\/\/www.kanonak.cz\/author\/","identifier":1,"image":{"@type":"ImageObject","@id":"https:\/\/secure.gravatar.com\/avatar\/163f6c65c8acab43fa062eaf19866aeb6d6c2adc4d5c2462700a89e6feec77a0?s=96&d=mm&r=g","url":"https:\/\/secure.gravatar.com\/avatar\/163f6c65c8acab43fa062eaf19866aeb6d6c2adc4d5c2462700a89e6feec77a0?s=96&d=mm&r=g","height":96,"width":96}},"publisher":{"@type":"Organization","name":"kanonak.cz","logo":{"@type":"ImageObject","@id":"\/logo.png","url":"\/logo.png","width":600,"height":60}},"image":{"@type":"ImageObject","@id":"https:\/\/www.kanonak.cz\/wp-content\/uploads\/student-3176407_960_720_1.png","url":"https:\/\/www.kanonak.cz\/wp-content\/uploads\/student-3176407_960_720_1.png","height":0,"width":0},"keywords":null},{"@type":"Article","@id":"https:\/\/www.kanonak.cz\/deti-nas-odkaz-nase-budoucnost-a-to-nejlepsi-z-nas\/","headline":"D\u011bti, n\u00e1\u0161 odkaz, na\u0161e budoucnost, a to nejlep\u0161\u00ed z n\u00e1s","url":"https:\/\/www.kanonak.cz\/deti-nas-odkaz-nase-budoucnost-a-to-nejlepsi-z-nas\/","datePublished":"2022-01-22","dateModified":"2023-05-31","mainEntityOfPage":"https:\/\/www.kanonak.cz\/deti-nas-odkaz-nase-budoucnost-a-to-nejlepsi-z-nas\/","author":{"@type":"Person","@id":"https:\/\/www.kanonak.cz\/author\/#Person","name":"","url":"https:\/\/www.kanonak.cz\/author\/","identifier":1,"image":{"@type":"ImageObject","@id":"https:\/\/secure.gravatar.com\/avatar\/163f6c65c8acab43fa062eaf19866aeb6d6c2adc4d5c2462700a89e6feec77a0?s=96&d=mm&r=g","url":"https:\/\/secure.gravatar.com\/avatar\/163f6c65c8acab43fa062eaf19866aeb6d6c2adc4d5c2462700a89e6feec77a0?s=96&d=mm&r=g","height":96,"width":96}},"publisher":{"@type":"Organization","name":"kanonak.cz","logo":{"@type":"ImageObject","@id":"\/logo.png","url":"\/logo.png","width":600,"height":60}},"image":{"@type":"ImageObject","@id":"https:\/\/www.kanonak.cz\/wp-content\/uploads\/smutn%C3%A9%20d%C3%ADt%C4%9B.jpg","url":"https:\/\/www.kanonak.cz\/wp-content\/uploads\/smutn%C3%A9%20d%C3%ADt%C4%9B.jpg","height":0,"width":0},"keywords":null},{"@type":"Article","@id":"https:\/\/www.kanonak.cz\/maminky-vedi-a-tatinci-by-si-meli-precist\/","headline":"Maminky v\u011bd\u00ed a tat\u00ednci by si m\u011bli p\u0159e\u010d\u00edst","url":"https:\/\/www.kanonak.cz\/maminky-vedi-a-tatinci-by-si-meli-precist\/","datePublished":"2021-09-20","dateModified":"2023-05-31","mainEntityOfPage":"https:\/\/www.kanonak.cz\/maminky-vedi-a-tatinci-by-si-meli-precist\/","author":{"@type":"Person","@id":"https:\/\/www.kanonak.cz\/author\/#Person","name":"","url":"https:\/\/www.kanonak.cz\/author\/","identifier":1,"image":{"@type":"ImageObject","@id":"https:\/\/secure.gravatar.com\/avatar\/163f6c65c8acab43fa062eaf19866aeb6d6c2adc4d5c2462700a89e6feec77a0?s=96&d=mm&r=g","url":"https:\/\/secure.gravatar.com\/avatar\/163f6c65c8acab43fa062eaf19866aeb6d6c2adc4d5c2462700a89e6feec77a0?s=96&d=mm&r=g","height":96,"width":96}},"publisher":{"@type":"Organization","name":"kanonak.cz","logo":{"@type":"ImageObject","@id":"\/logo.png","url":"\/logo.png","width":600,"height":60}},"image":{"@type":"ImageObject","@id":"https:\/\/www.kanonak.cz\/wp-content\/uploads\/Obr%C3%A1zek1.jpg","url":"https:\/\/www.kanonak.cz\/wp-content\/uploads\/Obr%C3%A1zek1.jpg","height":0,"width":0},"keywords":null}]}