[{"@context":"https:\/\/schema.org\/","@type":"Article","@id":"https:\/\/www.kanonak.cz\/jake-mame-politiky\/#Article","mainEntityOfPage":"https:\/\/www.kanonak.cz\/jake-mame-politiky\/","headline":"Jak\u00e9 m\u00e1me politiky?","name":"Jak\u00e9 m\u00e1me politiky?","description":"N\u00e1zory lid\u00ed na politiku se pochopiteln\u011b r\u016fzn\u00ed. A to nejednou p\u0159\u00edmo diametr\u00e1ln\u011b. Zat\u00edmco jedni stran\u00ed jedn\u00e9 politick\u00e9 s\u00edle a jin\u00e9 zavrhuj\u00ed, je tomu u jin\u00fdch","datePublished":"2021-12-07","dateModified":"2023-05-31","author":{"@type":"Person","@id":"https:\/\/www.kanonak.cz\/author\/#Person","name":"","url":"https:\/\/www.kanonak.cz\/author\/","identifier":1,"image":{"@type":"ImageObject","@id":"https:\/\/secure.gravatar.com\/avatar\/163f6c65c8acab43fa062eaf19866aeb6d6c2adc4d5c2462700a89e6feec77a0?s=96&d=mm&r=g","url":"https:\/\/secure.gravatar.com\/avatar\/163f6c65c8acab43fa062eaf19866aeb6d6c2adc4d5c2462700a89e6feec77a0?s=96&d=mm&r=g","height":96,"width":96}},"publisher":{"@type":"Organization","name":"kanonak.cz","logo":{"@type":"ImageObject","@id":"\/logo.png","url":"\/logo.png","width":600,"height":60}},"image":{"@type":"ImageObject","@id":"https:\/\/www.kanonak.cz\/wp-content\/uploads\/politi%C4%8Dt%C3%AD%20demonstranti.jpg","url":"https:\/\/www.kanonak.cz\/wp-content\/uploads\/politi%C4%8Dt%C3%AD%20demonstranti.jpg","height":0,"width":0},"url":"https:\/\/www.kanonak.cz\/jake-mame-politiky\/","about":["Politika"],"wordCount":435,"articleBody":"N\u00e1zory lid\u00ed na politiku se pochopiteln\u011b r\u016fzn\u00ed. A to nejednou p\u0159\u00edmo diametr\u00e1ln\u011b. Zat\u00edmco jedni stran\u00ed jedn\u00e9 politick\u00e9 s\u00edle a jin\u00e9 zavrhuj\u00ed, je tomu u jin\u00fdch lid\u00ed \u010dasto i p\u0159esn\u011b naopak. A jsou tu samoz\u0159ejm\u011b i lid\u00e9, kte\u0159\u00ed nikomu z\u00a0politick\u00e9 sc\u00e9ny nestran\u00ed a naopak se t\u00e9to stran\u00ed, nemaje tu subjektivn\u011b z\u00a0\u010deho vyb\u00edrat. A ka\u017ed\u00fd z\u00a0takov\u00fdch lid\u00ed m\u00e1 vlastn\u011b sv\u00fdm zp\u016fsobem pravdu.Lid\u00e9 sice politiku pot\u0159ebuj\u00ed, jen\u017ee v\u0161ichni dob\u0159e v\u00edme, \u017ee ne politiku jednu a tut\u00e9\u017e. A tak m\u00e1me t\u0159eba politiky rozhazova\u010dn\u00e9, kte\u0159\u00ed klidn\u011b nad\u011blaj\u00ed dluhy, jenom aby se jejich poddan\u00ed m\u011bli dob\u0159e. A p\u0159\u00edli\u0161 nerozmaz\u00e1vaj\u00ed to, \u017ee kdy\u017e u\u017e takov\u00e9 dluhy d\u011blaj\u00ed, d\u011blaj\u00ed je obvykle pr\u00e1v\u011b na \u00fakor t\u011bch, k\u00a0nim\u017e jsou tak \u0161t\u011bd\u0159\u00ed. A zat\u00edmco se tito t\u011b\u0161\u00ed oblib\u011b u chud\u0161\u00edch a hloup\u011bj\u0161\u00edch lid\u00ed, pro kter\u00e9 jsou pen\u00edze v\u00a0kapse lep\u0161\u00ed ne\u017e jejich zadlu\u017een\u00e1 budoucnost, jsou tu i ti, kte\u0159\u00ed je ze stejn\u00e9ho d\u016fvodu nemohou ani vyst\u00e1t, kte\u0159\u00ed se necht\u011bj\u00ed sm\u00ed\u0159it se \u017eivotem v\u00a0duchu \u201apo n\u00e1s potopa\u2018.M\u00e1me (aspo\u0148 tedy relativn\u011b) i politiky skoup\u00e9, kte\u0159\u00ed naopak mysl\u00ed aspo\u0148 trochu na na\u0161i budoucnost a nerozhazuj\u00ed pen\u00edze, kter\u00e9 nemaj\u00ed. A t\u011bm je ur\u010dit\u011b nemal\u00e1 \u010d\u00e1st na\u0161ich voli\u010d\u016f vd\u011b\u010dn\u00e1. Ov\u0161em tito ur\u010dit\u011b nezaboduj\u00ed u t\u011bch, kte\u0159\u00ed se cht\u011bj\u00ed st\u016fj co st\u016fj m\u00edt, kte\u0159\u00ed si cht\u011bj\u00ed nezaslou\u017een\u011b skv\u011ble \u017e\u00edt.M\u00e1me politiky, kte\u0159\u00ed dok\u00e1\u017eou p\u0159\u00edmo neskute\u010dn\u011b slibovat. A ti jsou jasnou volbou lid\u00ed ducha mdl\u00e9ho, respektive t\u011bch, kdo maj\u00ed kr\u00e1tkou pam\u011b\u0165 a nevid\u00ed, co se s\u00a0takov\u00fdmi sliby st\u00e1v\u00e1. A m\u00e1me snad i politiky, kte\u0159\u00ed neslibuj\u00ed a naopak pracuj\u00ed, se\u010d jim s\u00edly sta\u010d\u00ed, aby se lidu vedlo l\u00e9pe, aby zem\u011b m\u011bla budoucnost, co\u017e ale vede \u010dasto k\u00a0tomu, \u017ee tac\u00ed nejsou p\u0159\u00edli\u0161 vid\u011bt, nejsou tolik lidem na o\u010d\u00edch, proto\u017ee na to zkr\u00e1tka nemaj\u00ed \u010das.M\u00e1me u n\u00e1s i politiky moudr\u00e9, i ty, kte\u0159\u00ed zrovna mnoho rozumu nepobrali. A rozhodn\u011b to nesouvis\u00ed jenom s\u00a0akademick\u00fdmi tituly, jimi\u017e se tito nejednou honos\u00ed. Proto\u017ee jak zazn\u011blo t\u0159eba v\u00a0komedii o b\u00e1sn\u00edc\u00edch, m\u00e1me i plno blbejch absolvent\u016f univerzity. Ale z\u00e1sadn\u011b m\u00e1me jen ty, kter\u00e9 jsme si zvolili. A nad\u00e1vat bychom tak m\u011bli hlavn\u011b sami sob\u011b.                                                                                                                                                                                                                                                                                                                                                                                                "},{"@context":"https:\/\/schema.org\/","@type":"BreadcrumbList","itemListElement":[{"@type":"ListItem","position":1,"name":"Jak\u00e9 m\u00e1me politiky?","item":"https:\/\/www.kanonak.cz\/jake-mame-politiky\/#breadcrumbitem"}]}]