[{"@context":"https:\/\/schema.org\/","@type":"Article","@id":"https:\/\/www.kanonak.cz\/mali-zivocichove-u-nas-doma\/#Article","mainEntityOfPage":"https:\/\/www.kanonak.cz\/mali-zivocichove-u-nas-doma\/","headline":"Mal\u00ed \u017eivo\u010dichov\u00e9 u n\u00e1s doma","name":"Mal\u00ed \u017eivo\u010dichov\u00e9 u n\u00e1s doma","description":"Ze zem\u011b? Nikdy! Za dob na\u0161ich babi\u010dek a prababi\u010dek se bydlelo jinak ne\u017e dnes, lidi \u017eili na vesnici spole\u010dn\u011b s&nbsp;hospod\u00e1\u0159sk\u00fdmi zv\u00ed\u0159aty a asi ani nev\u011bd\u011bli,","datePublished":"2020-01-20","dateModified":"2023-05-31","author":{"@type":"Person","@id":"https:\/\/www.kanonak.cz\/author\/#Person","name":"","url":"https:\/\/www.kanonak.cz\/author\/","identifier":1,"image":{"@type":"ImageObject","@id":"https:\/\/secure.gravatar.com\/avatar\/163f6c65c8acab43fa062eaf19866aeb6d6c2adc4d5c2462700a89e6feec77a0?s=96&d=mm&r=g","url":"https:\/\/secure.gravatar.com\/avatar\/163f6c65c8acab43fa062eaf19866aeb6d6c2adc4d5c2462700a89e6feec77a0?s=96&d=mm&r=g","height":96,"width":96}},"publisher":{"@type":"Organization","name":"kanonak.cz","logo":{"@type":"ImageObject","@id":"\/logo.png","url":"\/logo.png","width":600,"height":60}},"image":{"@type":"ImageObject","@id":"https:\/\/www.kanonak.cz\/wp-content\/uploads\/img_a367280_w4272_t1579767960.jpg","url":"https:\/\/www.kanonak.cz\/wp-content\/uploads\/img_a367280_w4272_t1579767960.jpg","height":0,"width":0},"url":"https:\/\/www.kanonak.cz\/mali-zivocichove-u-nas-doma\/","about":["Dom\u00e1cnost"],"wordCount":465,"articleBody":"Ze zem\u011b? Nikdy!Za dob na\u0161ich babi\u010dek a prababi\u010dek se bydlelo jinak ne\u017e dnes, lidi \u017eili na vesnici spole\u010dn\u011b s&nbsp;hospod\u00e1\u0159sk\u00fdmi zv\u00ed\u0159aty a asi ani nev\u011bd\u011bli, \u017ee krom\u011b ko\u010dek, ps\u016f nebo slepic maj\u00ed doma je\u0161t\u011b jin\u00e9 \u017eivo\u010dichy. Bakterie. Pravd\u011bpodobn\u011b nikdo ne\u0159e\u0161il, kdy\u017e spadl d\u00edt\u011bti chleba na zem, prost\u011b se ofoukl a potomek pokra\u010doval spokojen\u011b v&nbsp;k\u0159oup\u00e1n\u00ed. Dnes je pro n\u011bkter\u00e9 rodi\u010de nemysliteln\u00e9, aby d\u00edt\u011bti podali j\u00eddlo, kter\u00e9 spadlo na zem. Je ale tento p\u0159\u00edstup spr\u00e1vn\u00fd? Kde m\u00e1 ta mal\u00e1 bytost pos\u00edlit imunitu?Imunita si bude libovatS&nbsp;v\u011bt\u0161inou bakteri\u00ed, kter\u00e9 se u n\u00e1s doma vyskytuj\u00ed, si na\u0161e t\u011blo dok\u00e1\u017ee poradit. Samoz\u0159ejm\u011b bychom m\u011bli dodr\u017eovat z\u00e1kladn\u00ed hygienick\u00e9 n\u00e1vyky jako je myt\u00ed rukou po p\u0159\u00edchodu zvenku nebo vyhazov\u00e1n\u00ed zbytk\u016f j\u00eddla, proto\u017ee pr\u00e1v\u011b kaz\u00edc\u00ed se j\u00eddlo b\u00fdv\u00e1 r\u00e1jem pro tyto mal\u00e9 \u017eivo\u010dichy. Pozor je t\u0159eba si d\u00e1vat na houbi\u010dku na n\u00e1dob\u00ed, kde je v\u00fdskyt bakteri\u00ed ohromn\u00fd. Ale nen\u00ed se \u010deho b\u00e1t. Sta\u010d\u00ed houbi\u010dku denn\u011b \u0159\u00e1dn\u011b vyprat a jednou za t\u00fdden vym\u011bnit za novou. Ov\u0161em n\u011bjak\u00e9 ty nezvan\u00e9 spolubydl\u00edc\u00ed doma pot\u0159ebujeme. Kdybychom je nem\u011bli, nemohli bychom se pohybovat v&nbsp;jin\u00e9m prost\u0159ed\u00ed ne\u017e v&nbsp;na\u0161em steriln\u00edm. Na\u0161e t\u011blo by neum\u011blo bojovat s&nbsp;t\u011bmito b\u011b\u017en\u00fdmi patogeny, proto je d\u016fle\u017eit\u00e9, aby u\u017e odmala p\u0159ich\u00e1zely d\u011bti do kontaktu alespo\u0148 s&nbsp;ur\u010dit\u00fdm mno\u017estv\u00edm bakteri\u00ed. Jejich imunita bude j\u00e1sat.P\u0159edem prohran\u00e1 v\u00e1lka s&nbsp;mopem v ruceKdybychom cel\u00e9 dny b\u011bhali s&nbsp;hadrem a desinfek\u010dn\u00edm prost\u0159edkem (kter\u00fd zabije 99,9% bakteri\u00ed!!!) po byt\u011b, pravd\u011bpodobn\u011b by se n\u00e1m nepoda\u0159ilo zab\u00edt v\u0161echny bakterie. A pro\u010d bychom to d\u011blali? Nen\u00ed d\u016fle\u017eit\u011bj\u0161\u00ed a p\u0159edev\u0161\u00edm z\u00e1bavn\u011bj\u0161\u00ed si u\u017e\u00edvat chv\u00edle s&nbsp;na\u0161imi mal\u00fdmi? \u017dij\u00ed mezi n\u00e1mi bohu\u017eel lid\u00e9, kte\u0159\u00ed maj\u00ed chorobn\u00fd strach z&nbsp;bakteri\u00ed a \u0161p\u00edny. Trp\u00ed tzv. Mysofobi\u00ed. Je pravd\u011bpodobn\u00e9, \u017ee na n\u00e1r\u016fstu t\u00e9to fobie v&nbsp;populaci se pod\u00edl\u00ed m\u00e9dia, kter\u00e1 lidi d\u011bs\u00ed zkreslen\u00fdmi informacemi &#8211; nap\u0159\u00edklad o \u0161kodlivosti ne\u010distot v&nbsp;dom\u00e1cnosti. Bakterie v&nbsp;dom\u00e1cnosti byly, jsou a st\u00e1le budou. Z\u00e1le\u017e\u00ed na ka\u017ed\u00e9m z&nbsp;n\u00e1s, do jak\u00e9 m\u00edry se nech\u00e1 reklamou v&nbsp;televizi ovlivnit, sta\u010d\u00ed pou\u017e\u00edvat zdrav\u00fd selsk\u00fd rozum.&nbsp;                                                                                                                                                                                                                                                                                                                                                                                                "},{"@context":"https:\/\/schema.org\/","@type":"BreadcrumbList","itemListElement":[{"@type":"ListItem","position":1,"name":"Mal\u00ed \u017eivo\u010dichov\u00e9 u n\u00e1s doma","item":"https:\/\/www.kanonak.cz\/mali-zivocichove-u-nas-doma\/#breadcrumbitem"}]}]