[{"@context":"https:\/\/schema.org\/","@type":"Article","@id":"https:\/\/www.kanonak.cz\/maminky-vedi-a-tatinci-by-si-meli-precist\/#Article","mainEntityOfPage":"https:\/\/www.kanonak.cz\/maminky-vedi-a-tatinci-by-si-meli-precist\/","headline":"Maminky v\u011bd\u00ed a tat\u00ednci by si m\u011bli p\u0159e\u010d\u00edst","name":"Maminky v\u011bd\u00ed a tat\u00ednci by si m\u011bli p\u0159e\u010d\u00edst","description":"U\u017e od miminka je jasn\u011b d\u00e1no, \u017ee hol\u010di\u010dka bude oble\u010den\u00e1 do r\u016f\u017eov\u00e9 a chlape\u010dek do modr\u00e9 barvy, \u010d\u00edm\u017e u\u017e na za\u010d\u00e1tku \u017eivota stanov\u00edme d\u011btem ur\u010dit\u00fd","datePublished":"2021-09-20","dateModified":"2023-05-31","author":{"@type":"Person","@id":"https:\/\/www.kanonak.cz\/author\/#Person","name":"","url":"https:\/\/www.kanonak.cz\/author\/","identifier":1,"image":{"@type":"ImageObject","@id":"https:\/\/secure.gravatar.com\/avatar\/163f6c65c8acab43fa062eaf19866aeb6d6c2adc4d5c2462700a89e6feec77a0?s=96&d=mm&r=g","url":"https:\/\/secure.gravatar.com\/avatar\/163f6c65c8acab43fa062eaf19866aeb6d6c2adc4d5c2462700a89e6feec77a0?s=96&d=mm&r=g","height":96,"width":96}},"publisher":{"@type":"Organization","name":"kanonak.cz","logo":{"@type":"ImageObject","@id":"\/logo.png","url":"\/logo.png","width":600,"height":60}},"image":{"@type":"ImageObject","@id":"https:\/\/www.kanonak.cz\/wp-content\/uploads\/Obr%C3%A1zek1.jpg","url":"https:\/\/www.kanonak.cz\/wp-content\/uploads\/Obr%C3%A1zek1.jpg","height":0,"width":0},"url":"https:\/\/www.kanonak.cz\/maminky-vedi-a-tatinci-by-si-meli-precist\/","about":["D\u011bti"],"wordCount":444,"articleBody":"U\u017e od miminka je jasn\u011b d\u00e1no, \u017ee hol\u010di\u010dka bude oble\u010den\u00e1 do r\u016f\u017eov\u00e9 a chlape\u010dek do modr\u00e9 barvy, \u010d\u00edm\u017e u\u017e na za\u010d\u00e1tku \u017eivota stanov\u00edme d\u011btem ur\u010dit\u00fd styl. Samoz\u0159ejm\u011b, \u017ee se daj\u00ed pou\u017e\u00edt i neutr\u00e1ln\u00ed barvy, jako je \u017elut\u00e1, zelen\u00e1 nebo t\u0159eba oran\u017eov\u00e1, ale ka\u017ed\u00e1 maminka p\u0159eci chce, aby bylo na prvn\u00ed pohled z\u0159ejm\u00e9, koho si veze v\u00a0ko\u010d\u00e1rku, jestli t\u0159eba Ani\u010dku nebo Honz\u00edka. A t\u00edm to za\u010d\u00edn\u00e1. Samotn\u00e9 miminko pot\u0159ebuje takov\u00e9ho oble\u010den\u00ed. Je\u0161t\u011b \u017ee je t\u011bhotenstv\u00ed pom\u011brn\u011b dlouh\u00e9 a rodi\u010de maj\u00ed \u010das nakoupit v\u0161e pot\u0159ebn\u00e9. Jak d\u011bti rostou, m\u011bn\u00ed se samoz\u0159ejm\u011b i \u0161atn\u00edk. U\u017e t\u0159\u00edlet\u00e9 d\u00edt\u011b dok\u00e1\u017ee sed\u011bt u sk\u0159\u00edn\u011b a mamince r\u00e1no pom\u011brn\u011b hodn\u011b prodlou\u017eit dobu obl\u00e9k\u00e1n\u00ed, proto\u017ee tohle tri\u010dko nechce, bu\u010f nem\u00e1 obr\u00e1zek, nebo je ten obr\u00e1zek moc mal\u00fd a pokud obr\u00e1zek nem\u00e1 v\u016fbec, rad\u011bji ho rovnou vy\u0159a\u010fte. Tri\u010dkem to pouze za\u010d\u00edn\u00e1, kalhoty, a dokonce i pono\u017eky mus\u00ed b\u00fdt podle jejich gusta. Te\u010f V\u00e1s asi napadlo, \u017ee si takto vym\u00fd\u0161l\u00ed hol\u010di\u010dky, par\u00e1dnice, ale nen\u00ed tomu tak, i kluci maj\u00ed k\u00a0obl\u00e9k\u00e1n\u00ed co \u0159\u00edct. Pokud chcete d\u011btem ud\u011blat radost, ur\u010dit\u011b myslete na jejich poh\u00e1dkov\u00e9 hrdiny. Bing, Tlapkov\u00e1 patrola, Spidermann \u010di Pras\u00e1tko Peppa a to na \u010demkoliv, od spodn\u00edho pr\u00e1dla po bundy. Budou nad\u0161en\u00e9 a mo\u017en\u00e1 i chvilku nebudou zlobit.\u0160kolka je tak\u00e9 pom\u011brn\u011b n\u00e1ro\u010dn\u00e1, sice d\u011btem sta\u010d\u00ed tepl\u00e1ky, kra\u0165asy a tri\u010dko, ale abyste m\u011bli po\u0159\u00e1dnou z\u00e1sobu, nebo hodn\u011b \u010dasto zapnutou pra\u010dku, v\u00a0lep\u0161\u00edm p\u0159\u00edpad\u011b i su\u0161i\u010dku. Pap\u00e1n\u00ed, malov\u00e1n\u00ed, proch\u00e1zky\u2026 Kolikr\u00e1t se ani nemus\u00edte pt\u00e1t co m\u011bly k\u00a0ob\u011bdu nebo co d\u011blali, jejich tri\u010dka V\u00e1m to prozrad\u00ed samy.Co se t\u00fdk\u00e1 kvantity oble\u010den\u00ed pro \u0161kol\u00e1ky, u\u017e to nen\u00ed tak hrozn\u00e9, ale pokud p\u016fjdete nakupovat, vezm\u011bte rad\u011bji puber\u0165\u00e1ky s\u00a0sebou a\u0165 si vyberou, co se jim l\u00edb\u00ed. Pokud tedy nechcete poslouchat v\u011btu typu: Mami, tohle u\u017e p\u0159ece d\u00e1vno nen\u00ed IN\u201c.Co z\u00a0toho plyne? Asi jen to, \u017ee se mus\u00edme sm\u00ed\u0159it s\u00a0t\u00edm, \u017ee na\u0161e pen\u011b\u017eenky dostanou po\u0159\u00e1dn\u011b zabrat a d\u011bti budou m\u00edt v\u017edy v\u00edce oble\u010den\u00ed ne\u017e mamka s\u00a0ta\u0165kou dohromady.                                                                                                                                                                                                                                                                                                                                                                                                "},{"@context":"https:\/\/schema.org\/","@type":"BreadcrumbList","itemListElement":[{"@type":"ListItem","position":1,"name":"Maminky v\u011bd\u00ed a tat\u00ednci by si m\u011bli p\u0159e\u010d\u00edst","item":"https:\/\/www.kanonak.cz\/maminky-vedi-a-tatinci-by-si-meli-precist\/#breadcrumbitem"}]}]