[{"@context":"https:\/\/schema.org\/","@type":"Article","@id":"https:\/\/www.kanonak.cz\/skvele-elektro\/#Article","mainEntityOfPage":"https:\/\/www.kanonak.cz\/skvele-elektro\/","headline":"Skv\u011bl\u00e9 elektro","name":"Skv\u011bl\u00e9 elektro","description":"Elektro je v dne\u0161n\u00ed dob\u011b \u00fapln\u011b v\u0161ude. Je hodn\u011b obchod\u016f s elektrem a j\u00e1 osobn\u011b si nedok\u00e1\u017eu p\u0159edstavit\u00a0\u017eivot bez n\u011bjak\u00e9ho elektra. V\u017edy\u0165 ono je vlastn\u011b","datePublished":"2022-03-22","dateModified":"2023-05-31","author":{"@type":"Person","@id":"https:\/\/www.kanonak.cz\/author\/#Person","name":"","url":"https:\/\/www.kanonak.cz\/author\/","identifier":1,"image":{"@type":"ImageObject","@id":"https:\/\/secure.gravatar.com\/avatar\/163f6c65c8acab43fa062eaf19866aeb6d6c2adc4d5c2462700a89e6feec77a0?s=96&d=mm&r=g","url":"https:\/\/secure.gravatar.com\/avatar\/163f6c65c8acab43fa062eaf19866aeb6d6c2adc4d5c2462700a89e6feec77a0?s=96&d=mm&r=g","height":96,"width":96}},"publisher":{"@type":"Organization","name":"kanonak.cz","logo":{"@type":"ImageObject","@id":"\/logo.png","url":"\/logo.png","width":600,"height":60}},"image":{"@type":"ImageObject","@id":"https:\/\/www.kanonak.cz\/wp-content\/uploads\/OMA85741a_p1120174_1.jpg","url":"https:\/\/www.kanonak.cz\/wp-content\/uploads\/OMA85741a_p1120174_1.jpg","height":0,"width":0},"url":"https:\/\/www.kanonak.cz\/skvele-elektro\/","about":["Elektro"],"wordCount":440,"articleBody":"Elektro je v dne\u0161n\u00ed dob\u011b \u00fapln\u011b v\u0161ude. Je hodn\u011b obchod\u016f s elektrem a j\u00e1 osobn\u011b si nedok\u00e1\u017eu p\u0159edstavit\u00a0\u017eivot bez n\u011bjak\u00e9ho elektra. V\u017edy\u0165 ono je vlastn\u011b \u00fapln\u011b v\u0161ude! V\u017edy\u0165 i ledni\u010dka, pra\u010dka je b\u00edl\u00e9 elektro a nev\u00edm, co bych si bez toho po\u010dala. Jsem tak zvykl\u00e1 a m\u00e1m to v\u0161echno tak zautomatizovan\u00e9, \u017ee nev\u00edm, kam bych\u00a0dala v l\u00e9t\u011b t\u0159eba chlazen\u00e9 nebo mra\u017een\u00e9 ku\u0159e. Nebo kam s nanukem? Bylo by to hodn\u011b t\u011b\u017ek\u00e9. Bu\u010f by se tyto potraviny skladovaly a vyu\u017e\u00edvaly jen v mrazech n\u011bkdy v lednu a \u00fanoru nebo by se to v\u0161echno muselo sn\u00edst hned, co by to \u010dlov\u011bk dostal. Jen\u017ee j\u00e1 jsem\u00a0tak pohodln\u00e1 a zvykl\u00e1, \u017ee si m\u016f\u017eu uva\u0159it nebo up\u00e9ct ku\u0159e kdykoli b\u011bhem dne. Vyt\u00e1hnu z lednice nebo mraz\u00e1ku, b\u00edl\u00e9ho elektra, a m\u00e1m po starostech. Je to tak jednoduch\u00e9, \u017ee leh\u010d\u00ed to u\u017e b\u00fdt ani nem\u016f\u017ee. Taky si pamatuji, jak mi babi\u010dka vykl\u00e1dala, jak d\u0159\u00edve se pralo. Pou\u017e\u00edvala se na to valcha, \u017e\u00e1dn\u00e9 elektro, kvalitn\u00ed pra\u010dka. V\u0161echno se d\u0159\u00edve d\u011blalo ru\u010dn\u011b. A kdyby v t\u00e9 dob\u011b, n\u011bkdy p\u0159ed sto lety n\u011bco vynalezl, tak by byl machr.Pr\u00fd d\u0159\u00edve\u00a0valcha byla jejich jako elektro. Sice na ru\u010d\u00ed pohon, ale pr\u00fd se to docela dalo. Nav\u00edc se to d\u011blalo\u00a0ve studen\u00e9 vod\u011b. A to ve v\u011bt\u0161in\u011b p\u0159\u00edpadech. Tepl\u00e9 vody bylo \u0161koda. Musela se oh\u0159\u00edvat na kamnech a dlouho to trvalo. To rad\u0161i lid\u00e9 vyu\u017eili na j\u00eddlo nebo koupel. Ale pr\u00e1t v tepl\u00e9 vod\u011b? Nikdy. Nyn\u00ed taky p\u0159em\u00fd\u0161l\u00edm, jak se vyprali fleky a odoln\u00e9 skvrny, kdy\u017e nebylo kvalitn\u00ed\u00a0elektro, t\u0159eba pra\u010dka a kvalitn\u00ed prac\u00ed pr\u00e1\u0161ky. D\u0159\u00edve se vyu\u017e\u00edvala jen soda nebo tuh\u00e9 m\u00e1slo, kter\u00e9 v t\u00e9 dob\u011b bylo. Av\u0161ak taky v t\u00e9 dob\u011b bylo docela vz\u00e1cn\u00e9 a nem\u011bl ho ka\u017ed\u00fd. Kdy\u017e to ale tak vezmu, tak d\u0159\u00edve byly i omezen\u00e9 potraviny, tak pochybuji, \u017ee m\u011bl n\u011bkdo oble\u010den\u00ed umazan\u00e9 \u010dasto od \u010dokol\u00e1dy nebo nanuku. Abych pravdu \u0159ekla, jsem\u00a0r\u00e1da, \u017ee \u017eiji v t\u00e9to dob\u011b, kdy je elektra\u00a0dost a je to samoz\u0159ejmost. I kdy\u017e taky by m\u011b zaj\u00edmala d\u00e1vn\u00e1 doba, jak to v\u0161echno bylo a jak to v\u0161echno v\u0161ichni zvl\u00e1dali. Muselo to b\u00fdt t\u011b\u017ek\u00e9, ale taky obdivuhodn\u00e9.\u00a0                                                                                                                                                                                                                                                                                                                                                                                                "},{"@context":"https:\/\/schema.org\/","@type":"BreadcrumbList","itemListElement":[{"@type":"ListItem","position":1,"name":"Skv\u011bl\u00e9 elektro","item":"https:\/\/www.kanonak.cz\/skvele-elektro\/#breadcrumbitem"}]}]