[{"@context":"https:\/\/schema.org\/","@type":"Article","@id":"https:\/\/www.kanonak.cz\/ubytovani-v-dolni-morave-ubytovani-v-cistem-horskem-ovzdusi\/#Article","mainEntityOfPage":"https:\/\/www.kanonak.cz\/ubytovani-v-dolni-morave-ubytovani-v-cistem-horskem-ovzdusi\/","headline":"Ubytov\u00e1n\u00ed v Doln\u00ed Morav\u011b \u2013 ubytov\u00e1n\u00ed v \u010dist\u00e9m horsk\u00e9m ovzdu\u0161\u00ed","name":"Ubytov\u00e1n\u00ed v Doln\u00ed Morav\u011b \u2013 ubytov\u00e1n\u00ed v \u010dist\u00e9m horsk\u00e9m ovzdu\u0161\u00ed","description":"Doln\u00ed Morava je obec, kterou naleznete na \u00fapat\u00ed Kr\u00e1lick\u00e9ho Sn\u011b\u017en\u00edku. Je to jedno z na\u0161ich nejkr\u00e1sn\u011bj\u0161\u00edch poho\u0159\u00ed a je zde vybudov\u00e1n ly\u017ea\u0159sk\u00fd are\u00e1l, bobov\u00e1 dr\u00e1ha,","datePublished":"2021-09-25","dateModified":"2023-05-31","author":{"@type":"Person","@id":"https:\/\/www.kanonak.cz\/author\/#Person","name":"","url":"https:\/\/www.kanonak.cz\/author\/","identifier":1,"image":{"@type":"ImageObject","@id":"https:\/\/secure.gravatar.com\/avatar\/163f6c65c8acab43fa062eaf19866aeb6d6c2adc4d5c2462700a89e6feec77a0?s=96&d=mm&r=g","url":"https:\/\/secure.gravatar.com\/avatar\/163f6c65c8acab43fa062eaf19866aeb6d6c2adc4d5c2462700a89e6feec77a0?s=96&d=mm&r=g","height":96,"width":96}},"publisher":{"@type":"Organization","name":"kanonak.cz","logo":{"@type":"ImageObject","@id":"\/logo.png","url":"\/logo.png","width":600,"height":60}},"image":{"@type":"ImageObject","@id":"https:\/\/www.kanonak.cz\/wp-content\/uploads\/Kr%C3%A1lick%C3%BD%20Sn%C4%9B%C5%BEn%C3%ADk.jpg","url":"https:\/\/www.kanonak.cz\/wp-content\/uploads\/Kr%C3%A1lick%C3%BD%20Sn%C4%9B%C5%BEn%C3%ADk.jpg","height":0,"width":0},"url":"https:\/\/www.kanonak.cz\/ubytovani-v-dolni-morave-ubytovani-v-cistem-horskem-ovzdusi\/","about":["V\u00fdrobky"],"wordCount":417,"articleBody":"Doln\u00ed Morava je obec, kterou naleznete na \u00fapat\u00ed Kr\u00e1lick\u00e9ho Sn\u011b\u017en\u00edku. Je to jedno z na\u0161ich nejkr\u00e1sn\u011bj\u0161\u00edch poho\u0159\u00ed a je zde vybudov\u00e1n ly\u017ea\u0159sk\u00fd are\u00e1l, bobov\u00e1 dr\u00e1ha, unik\u00e1tn\u00ed rozhledna Stezka v oblac\u00edch a Nau\u010dn\u00e1 stezka Kr\u00e1lick\u00fd Sn\u011b\u017en\u00edk. Vypravit se sem m\u016f\u017eete po cel\u00fd rok, a to jak s d\u011btmi na ly\u017ee, tak i s p\u0159\u00e1teli na turistick\u00e9 v\u00fdlety nebo vyj\u00ed\u017e\u010fky na bicyklech.Ubytov\u00e1n\u00ed v Doln\u00ed Morav\u011b HP Apartm\u00e1ny v\u00e1m poskytne pot\u0159ebn\u00e9 z\u00e1zem\u00ed a pochopiteln\u011b dostatek pot\u0159ebn\u00e9ho klidu, stranou od p\u0159elidn\u011bn\u00fdch m\u011bst a lokalit pr\u016fmyslov\u00e9ho zne\u010di\u0161t\u011bn\u00ed a chaotick\u00fdch a stresuj\u00edc\u00edch vliv\u016f sou\u010dasn\u00e9 civilizace. Pobyt na hor\u00e1ch v tuzemsku je st\u00e1le jedn\u00edm z nejlep\u0161\u00edch \u0159e\u0161en\u00ed, jak se vyhnout koronavirov\u00fdm restrikc\u00edm, na\u010derpat pot\u0159ebn\u00e9 s\u00edly a regenerovat organismus.Vyu\u017eijte v\u00fdhodn\u00e9 polohy Doln\u00ed MoravyOrlick\u00e9 hory \u2013 vyprav\u00edte-li se do Doln\u00ed Moravy v letn\u00ed sez\u00f3n\u011b, m\u016f\u017eeme v\u00e1m doporu\u010dit podniknout odtud v\u00fdlet i do Orlick\u00fdch hor. Nen\u00ed to daleko do Rokytnice, \u0158\u00ed\u010dek ani De\u0161tn\u00e9, vedou tudy zaj\u00edmav\u00e9 cyklostezky, m\u016f\u017eete se pokochat okoln\u00ed krajinou z n\u011bkolika rozhleden a hlavn\u011b si tu u\u017e\u00edt tu neuv\u011b\u0159itelnou pohodu, v m\u00e9n\u011b os\u00eddlen\u00e9 oblasti, mimo pr\u016fmyslov\u00e9 komplexy a obecn\u011b pr\u016fmyslem zasa\u017eenou a zne\u010di\u0161t\u011bnou krajinu.Je to kousek do Jesen\u00edk\u016f \u2013 z Doln\u00ed Moravy se po silnici \u010d. 369 spoj\u00edte s Hrub\u00fdm Jesen\u00edkem. Budete proj\u00ed\u017ed\u011bt rekrea\u010dn\u00edmi are\u00e1ly v Brann\u00e9, Ostru\u017en\u00e9 a Lipov\u00e9-L\u00e1zn\u011b a pokra\u010dovat do okresn\u00edho m\u011bsta Jesen\u00edk, p\u0159\u00edpadn\u011b na ra\u0161elini\u0161t\u011b Rejv\u00edz a Zlat\u00fdch Hor. N\u00e1v\u0161t\u011bvn\u00edci Jesen\u00edk\u016f si obvykle nenechaj\u00ed uj\u00edt ani prohl\u00eddku Karlovy Stud\u00e1nky, kde se mimo jin\u00e9 nat\u00e1\u010dela i komedie stolet\u00ed \u201eS tebou m\u011b bav\u00ed sv\u011bt\u201c. Z Karlovy Stud\u00e1nky doporu\u010dujeme v\u00fdstup pod\u00e9l B\u00edl\u00e9 Opavy a\u017e k hotelu Figura a n\u00e1sledn\u011b k nejvy\u0161\u0161\u00edmu vrcholu Moravy, k Prad\u011bdu. Nezapom\u00ednejte rovn\u011b\u017e, \u017ee Hrub\u00fd Jesen\u00edk a Kr\u00e1lick\u00fd Sn\u011b\u017en\u00edk pat\u0159\u00ed k oblastem s nej\u010dist\u0161\u00edm ovzdu\u0161\u00edm ve st\u0159edn\u00ed Evrop\u011b, ostatn\u011b, v Karlov\u011b Stud\u00e1nce se l\u00e9\u010dil i b\u00fdval\u00fd prezident V\u00e1clav Havel.                                                                                                                                                                                                                                                                                                                                                                                                 "},{"@context":"https:\/\/schema.org\/","@type":"BreadcrumbList","itemListElement":[{"@type":"ListItem","position":1,"name":"Ubytov\u00e1n\u00ed v Doln\u00ed Morav\u011b \u2013 ubytov\u00e1n\u00ed v \u010dist\u00e9m horsk\u00e9m ovzdu\u0161\u00ed","item":"https:\/\/www.kanonak.cz\/ubytovani-v-dolni-morave-ubytovani-v-cistem-horskem-ovzdusi\/#breadcrumbitem"}]}]