[{"@context":"https:\/\/schema.org\/","@type":"Article","@id":"https:\/\/www.kanonak.cz\/vaclavske-namesti-spojuje-kultury\/#Article","mainEntityOfPage":"https:\/\/www.kanonak.cz\/vaclavske-namesti-spojuje-kultury\/","headline":"V\u00e1clavsk\u00e9 n\u00e1m\u011bst\u00ed spojuje kultury","name":"V\u00e1clavsk\u00e9 n\u00e1m\u011bst\u00ed spojuje kultury","description":"Kdysi tu b\u00fdval ko\u0148sk\u00fd trh, dnes je to m\u00edsto, kde podle pr\u016fzkum\u016f lid\u00e9 pov\u011bt\u0161inou jen proch\u00e1zej\u00ed. V\u00e1clavsk\u00e9 n\u00e1m\u011bst\u00ed je historicky v\u00fdznamn\u00e9, ka\u017ed\u00fd ho ale vn\u00edm\u00e1","datePublished":"2020-01-26","dateModified":"2023-05-31","author":{"@type":"Person","@id":"https:\/\/www.kanonak.cz\/author\/#Person","name":"","url":"https:\/\/www.kanonak.cz\/author\/","identifier":1,"image":{"@type":"ImageObject","@id":"https:\/\/secure.gravatar.com\/avatar\/163f6c65c8acab43fa062eaf19866aeb6d6c2adc4d5c2462700a89e6feec77a0?s=96&d=mm&r=g","url":"https:\/\/secure.gravatar.com\/avatar\/163f6c65c8acab43fa062eaf19866aeb6d6c2adc4d5c2462700a89e6feec77a0?s=96&d=mm&r=g","height":96,"width":96}},"publisher":{"@type":"Organization","name":"kanonak.cz","logo":{"@type":"ImageObject","@id":"\/logo.png","url":"\/logo.png","width":600,"height":60}},"image":{"@type":"ImageObject","@id":"https:\/\/www.kanonak.cz\/wp-content\/uploads\/img_a366888_w4272_t1579420647.jpg","url":"https:\/\/www.kanonak.cz\/wp-content\/uploads\/img_a366888_w4272_t1579420647.jpg","height":0,"width":0},"url":"https:\/\/www.kanonak.cz\/vaclavske-namesti-spojuje-kultury\/","about":["Kultura"],"wordCount":625,"articleBody":"Kdysi tu b\u00fdval ko\u0148sk\u00fd trh, dnes je to m\u00edsto, kde podle pr\u016fzkum\u016f lid\u00e9 pov\u011bt\u0161inou jen proch\u00e1zej\u00ed. V\u00e1clavsk\u00e9 n\u00e1m\u011bst\u00ed je historicky v\u00fdznamn\u00e9, ka\u017ed\u00fd ho ale vn\u00edm\u00e1 jinak. Jednomu se uk\u00e1\u017ee v&nbsp;nejlep\u0161\u00ed sv\u011btle, jin\u00e9mu odhal\u00ed nejtemn\u011bj\u0161\u00ed str\u00e1nky.Kulturn\u00ed prostorRozhodn\u011b je V\u00e1clav\u00e1k m\u00edstem, kter\u00e9 spojuje \u0159adu kulturn\u00edch instituci a vytv\u00e1\u0159\u00ed spole\u010densk\u00fd prostor. Vede od N\u00e1rodn\u00edho muzea a\u017e po M\u016fstek a nep\u0159\u00edmo tak spojuje dva v\u00fdznamn\u00e9 body, hlavn\u00ed n\u00e1dra\u017e\u00ed s&nbsp;N\u00e1rodn\u00ed t\u0159\u00eddou. Vrchol cel\u00e9ho n\u00e1m\u011bst\u00ed tvo\u0159\u00ed ji\u017e zm\u00edn\u011bn\u00e9 N\u00e1rodn\u00ed muzeum, kter\u00e9 je jednou z&nbsp;nejd\u016fle\u017eit\u011bj\u0161\u00edch pra\u017esk\u00fdch budov. Ned\u00edlnou sou\u010d\u00e1st\u00ed je pak socha svat\u00e9ho V\u00e1clava, kter\u00e1 je zejm\u00e9na pro m\u00edstn\u00ed i d\u016fle\u017eit\u00fdm orienta\u010dn\u00edm bodem. Obvod n\u00e1m\u011bst\u00ed lemuj\u00ed historick\u00e9 budovy s&nbsp;obchody a hotely, do kter\u00fdch zab\u00edh\u00e1 i n\u011bkolik pas\u00e1\u017e\u00ed. V&nbsp;nich se mimo jin\u00e9 ukr\u00fdv\u00e1 Kino Lucerna a poz\u016fstatky b\u00fdval\u00fdch kin Alfa a Semafor, d\u00e1le pak nap\u0159\u00edklad parodie na sochu svat\u00e9ho V\u00e1clava od um\u011blce Davida \u010cern\u00e9ho.Je to nejen m\u00edsto setk\u00e1v\u00e1n\u00ed pod kon\u011bm a ve spoust\u011b restaurac\u00ed nebo klubech, ale tak\u00e9 prostor pro po\u0159\u00e1d\u00e1n\u00ed hromadn\u00fdch akc\u00ed. Ka\u017edoro\u010dn\u011b se tu konaj\u00ed oslavy vzniku republiky a sametov\u00e9 revoluce, ale tak\u00e9 r\u016fzn\u00e9 demonstrace. Pr\u00e1v\u011b tady v&nbsp;roce 1918 byla vyhl\u00e1\u0161en\u00e1 prvn\u00ed republika, v&nbsp;roce 1989 m\u011bl projev V\u00e1clav Havel z&nbsp;balk\u00f3nu Melantrichu a tak\u00e9 se tu up\u00e1lil Jan Palach.Pl\u00e1nuje se rekonstrukceV&nbsp;roce 1980 byla ukon\u010dena tramvajov\u00e1 tra\u0165, kter\u00e1 vedla svisle n\u00e1m\u011bst\u00edm kolem pomn\u00edku a muzea. Tento projekt je op\u011bt v&nbsp;pl\u00e1nov\u00e1n\u00ed. Spolu s&nbsp;n\u00edm u\u017e byla omezena doprava pro auta v&nbsp;cel\u00e9 doln\u00ed \u010d\u00e1sti a do budoucna m\u00e1 b\u00fdt pouze s&nbsp;povolen\u00edm. V\u00e1clavsk\u00e9 n\u00e1m\u011bst\u00ed tak bude ur\u010deno pouze lidem a stane se pro n\u011b bezpe\u010dnou a relaxa\u010dn\u00ed z\u00f3nou, kde maj\u00ed p\u0159ib\u00fdt stromy a lavi\u010dky.Stinn\u00e9 str\u00e1nkySamoz\u0159ejm\u011b V\u00e1clavsk\u00e9 n\u00e1m\u011bst\u00ed nen\u00ed svat\u00e9. Pravdou je, \u017ee st\u0159et kultur se tady d\u011bje i v&nbsp;negativn\u00edm smyslu. Proslul\u00ed jsou tak zvan\u00ed nah\u00e1n\u011b\u010di do klub\u016f, deale\u0159i a prostitutky. Na jednu stranu to nen\u00ed nikdo, koho by se b\u011b\u017en\u00fd proch\u00e1zej\u00edc\u00ed m\u011bl b\u00e1t, na druhou stranu vytv\u00e1\u0159ej\u00ed ur\u010dit\u00fd negativn\u00ed obraz. Obzvl\u00e1\u0161\u0165, kdy\u017e hned vedle parkuj\u00ed policejn\u00ed auta. Bohu\u017eel na\u0161e z\u00e1kony nejsou dokonal\u00e9 a tito lid\u00e9 to v\u011bd\u00ed. Na\u0161t\u011bst\u00ed se vyskytuj\u00ed na V\u00e1clav\u00e1ku t\u00e9m\u011b\u0159 z\u00e1sadn\u011b za tmy, kdy je celkov\u011b zasv\u011bcen sp\u00ed\u0161e k&nbsp;no\u010dn\u00ed z\u00e1bav\u011b ne\u017e k&nbsp;proch\u00e1zk\u00e1m s&nbsp;d\u011btmi.Dal\u0161\u00edm z\u00e1porem jsou bezdomovci, kte\u0159\u00ed se ale na V\u00e1clav\u00e1ku moc nezdr\u017euj\u00ed a pokud ano, nejsou p\u0159\u00edli\u0161 dot\u011brn\u00ed. V\u00edce p\u0159\u00e1tel\u0161t\u00ed jsou sp\u00ed\u0161e no\u010dn\u00ed n\u00e1v\u0161t\u011bvn\u00edci, kte\u0159\u00ed hledaj\u00ed z\u00e1bavu.D\u00edvat se vzh\u016fruPro b\u011b\u017en\u00e9ho \u010dlov\u011bka tak zb\u00fdvaj\u00ed pouze obt\u011b\u017euj\u00edc\u00ed davy lid\u00ed a v\u0161udyp\u0159\u00edtomn\u00e9 reklamy ru\u0161\u00edc\u00ed kr\u00e1sn\u00e9 domy. N\u011bkdo to miluje, n\u011bkdo nesn\u00e1\u0161\u00ed. Na\u0161t\u011bst\u00ed se sta\u010d\u00ed d\u00edvat v\u00edce nahoru, kde p\u016fvodn\u00ed architekturu nic nenaru\u0161ilo a t\u00edm se \u010d\u00e1ste\u010dn\u011b oprostit i od mno\u017estv\u00ed lid\u00ed na ulici.                                                                                                                                                                                                                                                                                                                                                                                                "},{"@context":"https:\/\/schema.org\/","@type":"BreadcrumbList","itemListElement":[{"@type":"ListItem","position":1,"name":"V\u00e1clavsk\u00e9 n\u00e1m\u011bst\u00ed spojuje kultury","item":"https:\/\/www.kanonak.cz\/vaclavske-namesti-spojuje-kultury\/#breadcrumbitem"}]}]